{"id":9931,"date":"2023-10-05T10:00:00","date_gmt":"2023-10-05T10:00:00","guid":{"rendered":"https:\/\/kcsf.rrota.com\/?post_type=news&#038;p=9931"},"modified":"2023-11-29T14:19:40","modified_gmt":"2023-11-29T14:19:40","slug":"poziv-za-prijave-u-obuci-za-razvoj-i-organizaciju-zajednice","status":"publish","type":"news","link":"https:\/\/kcsfoundation.org\/sr\/news\/poziv-za-prijave-u-obuci-za-razvoj-i-organizaciju-zajednice\/","title":{"rendered":"Poziv za prijave u obuci za razvoj i organizaciju zajednice"},"content":{"rendered":"\n<p>Kosovska fondacija civilnog dru\u0161tva (KCSF), kroz&nbsp;<strong>Program gra?anskog anga\u017eovanja<\/strong>, koji sprovodi u partnerstvu sa misijom USAID-a na Kosovu,&nbsp;<strong>tokom meseca oktobar-novembar 2023. godine<\/strong>, organizova?e&nbsp;<strong>6-dnevnu obuku<\/strong>&nbsp;na temu&nbsp;<strong>\u201cRazvoj i organizacija zajednice\u201d.<\/strong><\/p>\n\n\n\n<p>Ova obuka ima za&nbsp;cilj razvoj kapaciteta i nadle\u017enosti OCD i neformalnih grupa civilnog dru\u0161tva za mapiranje i organizovanje zajednice, izgradnju praksi za anga\u017eovanje bira?a, kao i umre\u017eavanje sa drugim akterima u zajednici.<\/p>\n\n\n\n<p><strong>Digitalni prijavni formular mo\u017eete prona?i u pozivu, ili na linku ispod.\u00a0<\/strong><strong>Krajnji rok za prijavu ?? 18. oktobar 2023. godine.<\/strong><\/p>\n\n\n\n<figure class=\"wp-block-image size-full\"><img data-dominant-color=\"3c6543\" data-has-transparency=\"false\" style=\"--dominant-color: #3c6543;\" fetchpriority=\"high\" decoding=\"async\" width=\"2560\" height=\"2560\" src=\"https:\/\/kcsf.rrota.com\/wp-content\/uploads\/2023\/11\/Trajinm-CDOM-SRB-01-scaled.webp\" alt=\"\" class=\"wp-image-11158 not-transparent\" srcset=\"https:\/\/kcsfoundation.org\/wp-content\/uploads\/2023\/11\/Trajinm-CDOM-SRB-01-scaled.webp 2560w, https:\/\/kcsfoundation.org\/wp-content\/uploads\/2023\/11\/Trajinm-CDOM-SRB-01-100x100.webp 100w, https:\/\/kcsfoundation.org\/wp-content\/uploads\/2023\/11\/Trajinm-CDOM-SRB-01-1080x1080.webp 1080w, https:\/\/kcsfoundation.org\/wp-content\/uploads\/2023\/11\/Trajinm-CDOM-SRB-01-675x675.webp 675w, https:\/\/kcsfoundation.org\/wp-content\/uploads\/2023\/11\/Trajinm-CDOM-SRB-01-432x432.webp 432w\" sizes=\"(max-width: 2560px) 100vw, 2560px\" \/><\/figure>\n","protected":false},"excerpt":{"rendered":"<p>Kosovska fondacija civilnog dru\u0161tva (KCSF), kroz&nbsp;Program gra?anskog anga\u017eovanja, koji sprovodi u partnerstvu sa misijom USAID-a na Kosovu,&nbsp;tokom meseca oktobar-novembar 2023. godine, organizova?e&nbsp;6-dnevnu obuku&nbsp;na temu&nbsp;\u201cRazvoj i organizacija zajednice\u201d. Ova obuka ima za&nbsp;cilj razvoj kapaciteta i nadle\u017enosti OCD i neformalnih grupa civilnog dru\u0161tva za mapiranje i organizovanje zajednice, izgradnju praksi za anga\u017eovanje bira?a, kao i umre\u017eavanje sa [&hellip;]<\/p>\n","protected":false},"author":4,"featured_media":11407,"parent":0,"menu_order":332,"comment_status":"open","ping_status":"closed","template":"","format":"standard","news-category":[132],"class_list":["post-9931","news","type-news","status-publish","format-standard","has-post-thumbnail","hentry","news-category-program-gradanskog-angazovanja-cea"],"acf":[],"yoast_head":"<!-- This site is optimized with the Yoast SEO plugin v27.4 - https:\/\/yoast.com\/product\/yoast-seo-wordpress\/ -->\n<title>Poziv za prijave u obuci za razvoj i organizaciju zajednice - KCSF<\/title>\n<meta name=\"robots\" content=\"index, follow, max-snippet:-1, max-image-preview:large, max-video-preview:-1\" \/>\n<link rel=\"canonical\" href=\"https:\/\/kcsfoundation.org\/news\/thirrje-per-aplikim-ne-trajnimin-per-zhvillimin-dhe-organizimin-e-komunitetit\/\" \/>\n<meta property=\"og:locale\" content=\"sr_RS\" \/>\n<meta property=\"og:type\" content=\"article\" \/>\n<meta property=\"og:title\" content=\"Poziv za prijave u obuci za razvoj i organizaciju zajednice - KCSF\" \/>\n<meta property=\"og:description\" content=\"Kosovska fondacija civilnog dru\u0161tva (KCSF), kroz&nbsp;Program gra?anskog anga\u017eovanja, koji sprovodi u partnerstvu sa misijom USAID-a na Kosovu,&nbsp;tokom meseca oktobar-novembar 2023. godine, organizova?e&nbsp;6-dnevnu obuku&nbsp;na temu&nbsp;\u201cRazvoj i organizacija zajednice\u201d. Ova obuka ima za&nbsp;cilj razvoj kapaciteta i nadle\u017enosti OCD i neformalnih grupa civilnog dru\u0161tva za mapiranje i organizovanje zajednice, izgradnju praksi za anga\u017eovanje bira?a, kao i umre\u017eavanje sa [&hellip;]\" \/>\n<meta property=\"og:url\" content=\"https:\/\/kcsfoundation.org\/news\/thirrje-per-aplikim-ne-trajnimin-per-zhvillimin-dhe-organizimin-e-komunitetit\/\" \/>\n<meta property=\"og:site_name\" content=\"KCSF\" \/>\n<meta property=\"article:publisher\" content=\"https:\/\/www.facebook.com\/KCSFoundation\" \/>\n<meta property=\"article:modified_time\" content=\"2023-11-29T14:19:40+00:00\" \/>\n<meta property=\"og:image\" content=\"https:\/\/kcsfoundation.org\/wp-content\/uploads\/2023\/11\/SRB-Call-for-applications-jpg.webp\" \/>\n\t<meta property=\"og:image:width\" content=\"1192\" \/>\n\t<meta property=\"og:image:height\" content=\"917\" \/>\n\t<meta property=\"og:image:type\" content=\"image\/jpeg\" \/>\n<meta name=\"twitter:card\" content=\"summary_large_image\" \/>\n<script type=\"application\/ld+json\" class=\"yoast-schema-graph\">{\"@context\":\"https:\\\/\\\/schema.org\",\"@graph\":[{\"@type\":\"WebPage\",\"@id\":\"https:\\\/\\\/kcsfoundation.org\\\/news\\\/thirrje-per-aplikim-ne-trajnimin-per-zhvillimin-dhe-organizimin-e-komunitetit\\\/\",\"url\":\"https:\\\/\\\/kcsfoundation.org\\\/news\\\/thirrje-per-aplikim-ne-trajnimin-per-zhvillimin-dhe-organizimin-e-komunitetit\\\/\",\"name\":\"Poziv za prijave u obuci za razvoj i organizaciju zajednice - KCSF\",\"isPartOf\":{\"@id\":\"https:\\\/\\\/kcsfoundation.org\\\/sr\\\/#website\"},\"primaryImageOfPage\":{\"@id\":\"https:\\\/\\\/kcsfoundation.org\\\/news\\\/thirrje-per-aplikim-ne-trajnimin-per-zhvillimin-dhe-organizimin-e-komunitetit\\\/#primaryimage\"},\"image\":{\"@id\":\"https:\\\/\\\/kcsfoundation.org\\\/news\\\/thirrje-per-aplikim-ne-trajnimin-per-zhvillimin-dhe-organizimin-e-komunitetit\\\/#primaryimage\"},\"thumbnailUrl\":\"https:\\\/\\\/kcsfoundation.org\\\/wp-content\\\/uploads\\\/2023\\\/11\\\/SRB-Call-for-applications-jpg.webp\",\"datePublished\":\"2023-10-05T10:00:00+00:00\",\"dateModified\":\"2023-11-29T14:19:40+00:00\",\"breadcrumb\":{\"@id\":\"https:\\\/\\\/kcsfoundation.org\\\/news\\\/thirrje-per-aplikim-ne-trajnimin-per-zhvillimin-dhe-organizimin-e-komunitetit\\\/#breadcrumb\"},\"inLanguage\":\"sr-RS\",\"potentialAction\":[{\"@type\":\"ReadAction\",\"target\":[\"https:\\\/\\\/kcsfoundation.org\\\/news\\\/thirrje-per-aplikim-ne-trajnimin-per-zhvillimin-dhe-organizimin-e-komunitetit\\\/\"]}]},{\"@type\":\"ImageObject\",\"inLanguage\":\"sr-RS\",\"@id\":\"https:\\\/\\\/kcsfoundation.org\\\/news\\\/thirrje-per-aplikim-ne-trajnimin-per-zhvillimin-dhe-organizimin-e-komunitetit\\\/#primaryimage\",\"url\":\"https:\\\/\\\/kcsfoundation.org\\\/wp-content\\\/uploads\\\/2023\\\/11\\\/SRB-Call-for-applications-jpg.webp\",\"contentUrl\":\"https:\\\/\\\/kcsfoundation.org\\\/wp-content\\\/uploads\\\/2023\\\/11\\\/SRB-Call-for-applications-jpg.webp\",\"width\":1192,\"height\":917},{\"@type\":\"BreadcrumbList\",\"@id\":\"https:\\\/\\\/kcsfoundation.org\\\/news\\\/thirrje-per-aplikim-ne-trajnimin-per-zhvillimin-dhe-organizimin-e-komunitetit\\\/#breadcrumb\",\"itemListElement\":[{\"@type\":\"ListItem\",\"position\":1,\"name\":\"Home\",\"item\":\"https:\\\/\\\/kcsfoundation.org\\\/sr\\\/\"},{\"@type\":\"ListItem\",\"position\":2,\"name\":\"News\",\"item\":\"https:\\\/\\\/kcsfoundation.org\\\/news\\\/\"},{\"@type\":\"ListItem\",\"position\":3,\"name\":\"Poziv za prijave u obuci za razvoj i organizaciju zajednice\"}]},{\"@type\":\"WebSite\",\"@id\":\"https:\\\/\\\/kcsfoundation.org\\\/sr\\\/#website\",\"url\":\"https:\\\/\\\/kcsfoundation.org\\\/sr\\\/\",\"name\":\"KCSF\",\"description\":\"Kosovar Civil Society Foundation\",\"publisher\":{\"@id\":\"https:\\\/\\\/kcsfoundation.org\\\/sr\\\/#organization\"},\"potentialAction\":[{\"@type\":\"SearchAction\",\"target\":{\"@type\":\"EntryPoint\",\"urlTemplate\":\"https:\\\/\\\/kcsfoundation.org\\\/sr\\\/?s={search_term_string}\"},\"query-input\":{\"@type\":\"PropertyValueSpecification\",\"valueRequired\":true,\"valueName\":\"search_term_string\"}}],\"inLanguage\":\"sr-RS\"},{\"@type\":\"Organization\",\"@id\":\"https:\\\/\\\/kcsfoundation.org\\\/sr\\\/#organization\",\"name\":\"KCSF\",\"url\":\"https:\\\/\\\/kcsfoundation.org\\\/sr\\\/\",\"logo\":{\"@type\":\"ImageObject\",\"inLanguage\":\"sr-RS\",\"@id\":\"https:\\\/\\\/kcsfoundation.org\\\/sr\\\/#\\\/schema\\\/logo\\\/image\\\/\",\"url\":\"https:\\\/\\\/kcsfoundation.org\\\/wp-content\\\/uploads\\\/2023\\\/05\\\/logo.svg\",\"contentUrl\":\"https:\\\/\\\/kcsfoundation.org\\\/wp-content\\\/uploads\\\/2023\\\/05\\\/logo.svg\",\"width\":138,\"height\":46,\"caption\":\"KCSF\"},\"image\":{\"@id\":\"https:\\\/\\\/kcsfoundation.org\\\/sr\\\/#\\\/schema\\\/logo\\\/image\\\/\"},\"sameAs\":[\"https:\\\/\\\/www.facebook.com\\\/KCSFoundation\"]}]}<\/script>\n<!-- \/ Yoast SEO plugin. -->","yoast_head_json":{"title":"Poziv za prijave u obuci za razvoj i organizaciju zajednice - KCSF","robots":{"index":"index","follow":"follow","max-snippet":"max-snippet:-1","max-image-preview":"max-image-preview:large","max-video-preview":"max-video-preview:-1"},"canonical":"https:\/\/kcsfoundation.org\/news\/thirrje-per-aplikim-ne-trajnimin-per-zhvillimin-dhe-organizimin-e-komunitetit\/","og_locale":"sr_RS","og_type":"article","og_title":"Poziv za prijave u obuci za razvoj i organizaciju zajednice - KCSF","og_description":"Kosovska fondacija civilnog dru\u0161tva (KCSF), kroz&nbsp;Program gra?anskog anga\u017eovanja, koji sprovodi u partnerstvu sa misijom USAID-a na Kosovu,&nbsp;tokom meseca oktobar-novembar 2023. godine, organizova?e&nbsp;6-dnevnu obuku&nbsp;na temu&nbsp;\u201cRazvoj i organizacija zajednice\u201d. Ova obuka ima za&nbsp;cilj razvoj kapaciteta i nadle\u017enosti OCD i neformalnih grupa civilnog dru\u0161tva za mapiranje i organizovanje zajednice, izgradnju praksi za anga\u017eovanje bira?a, kao i umre\u017eavanje sa [&hellip;]","og_url":"https:\/\/kcsfoundation.org\/news\/thirrje-per-aplikim-ne-trajnimin-per-zhvillimin-dhe-organizimin-e-komunitetit\/","og_site_name":"KCSF","article_publisher":"https:\/\/www.facebook.com\/KCSFoundation","article_modified_time":"2023-11-29T14:19:40+00:00","og_image":[{"width":1192,"height":917,"url":"https:\/\/kcsfoundation.org\/wp-content\/uploads\/2023\/11\/SRB-Call-for-applications-jpg.webp","type":"image\/jpeg"}],"twitter_card":"summary_large_image","schema":{"@context":"https:\/\/schema.org","@graph":[{"@type":"WebPage","@id":"https:\/\/kcsfoundation.org\/news\/thirrje-per-aplikim-ne-trajnimin-per-zhvillimin-dhe-organizimin-e-komunitetit\/","url":"https:\/\/kcsfoundation.org\/news\/thirrje-per-aplikim-ne-trajnimin-per-zhvillimin-dhe-organizimin-e-komunitetit\/","name":"Poziv za prijave u obuci za razvoj i organizaciju zajednice - KCSF","isPartOf":{"@id":"https:\/\/kcsfoundation.org\/sr\/#website"},"primaryImageOfPage":{"@id":"https:\/\/kcsfoundation.org\/news\/thirrje-per-aplikim-ne-trajnimin-per-zhvillimin-dhe-organizimin-e-komunitetit\/#primaryimage"},"image":{"@id":"https:\/\/kcsfoundation.org\/news\/thirrje-per-aplikim-ne-trajnimin-per-zhvillimin-dhe-organizimin-e-komunitetit\/#primaryimage"},"thumbnailUrl":"https:\/\/kcsfoundation.org\/wp-content\/uploads\/2023\/11\/SRB-Call-for-applications-jpg.webp","datePublished":"2023-10-05T10:00:00+00:00","dateModified":"2023-11-29T14:19:40+00:00","breadcrumb":{"@id":"https:\/\/kcsfoundation.org\/news\/thirrje-per-aplikim-ne-trajnimin-per-zhvillimin-dhe-organizimin-e-komunitetit\/#breadcrumb"},"inLanguage":"sr-RS","potentialAction":[{"@type":"ReadAction","target":["https:\/\/kcsfoundation.org\/news\/thirrje-per-aplikim-ne-trajnimin-per-zhvillimin-dhe-organizimin-e-komunitetit\/"]}]},{"@type":"ImageObject","inLanguage":"sr-RS","@id":"https:\/\/kcsfoundation.org\/news\/thirrje-per-aplikim-ne-trajnimin-per-zhvillimin-dhe-organizimin-e-komunitetit\/#primaryimage","url":"https:\/\/kcsfoundation.org\/wp-content\/uploads\/2023\/11\/SRB-Call-for-applications-jpg.webp","contentUrl":"https:\/\/kcsfoundation.org\/wp-content\/uploads\/2023\/11\/SRB-Call-for-applications-jpg.webp","width":1192,"height":917},{"@type":"BreadcrumbList","@id":"https:\/\/kcsfoundation.org\/news\/thirrje-per-aplikim-ne-trajnimin-per-zhvillimin-dhe-organizimin-e-komunitetit\/#breadcrumb","itemListElement":[{"@type":"ListItem","position":1,"name":"Home","item":"https:\/\/kcsfoundation.org\/sr\/"},{"@type":"ListItem","position":2,"name":"News","item":"https:\/\/kcsfoundation.org\/news\/"},{"@type":"ListItem","position":3,"name":"Poziv za prijave u obuci za razvoj i organizaciju zajednice"}]},{"@type":"WebSite","@id":"https:\/\/kcsfoundation.org\/sr\/#website","url":"https:\/\/kcsfoundation.org\/sr\/","name":"KCSF","description":"Kosovar Civil Society Foundation","publisher":{"@id":"https:\/\/kcsfoundation.org\/sr\/#organization"},"potentialAction":[{"@type":"SearchAction","target":{"@type":"EntryPoint","urlTemplate":"https:\/\/kcsfoundation.org\/sr\/?s={search_term_string}"},"query-input":{"@type":"PropertyValueSpecification","valueRequired":true,"valueName":"search_term_string"}}],"inLanguage":"sr-RS"},{"@type":"Organization","@id":"https:\/\/kcsfoundation.org\/sr\/#organization","name":"KCSF","url":"https:\/\/kcsfoundation.org\/sr\/","logo":{"@type":"ImageObject","inLanguage":"sr-RS","@id":"https:\/\/kcsfoundation.org\/sr\/#\/schema\/logo\/image\/","url":"https:\/\/kcsfoundation.org\/wp-content\/uploads\/2023\/05\/logo.svg","contentUrl":"https:\/\/kcsfoundation.org\/wp-content\/uploads\/2023\/05\/logo.svg","width":138,"height":46,"caption":"KCSF"},"image":{"@id":"https:\/\/kcsfoundation.org\/sr\/#\/schema\/logo\/image\/"},"sameAs":["https:\/\/www.facebook.com\/KCSFoundation"]}]}},"_links":{"self":[{"href":"https:\/\/kcsfoundation.org\/sr\/wp-json\/wp\/v2\/news\/9931","targetHints":{"allow":["GET"]}}],"collection":[{"href":"https:\/\/kcsfoundation.org\/sr\/wp-json\/wp\/v2\/news"}],"about":[{"href":"https:\/\/kcsfoundation.org\/sr\/wp-json\/wp\/v2\/types\/news"}],"author":[{"embeddable":true,"href":"https:\/\/kcsfoundation.org\/sr\/wp-json\/wp\/v2\/users\/4"}],"replies":[{"embeddable":true,"href":"https:\/\/kcsfoundation.org\/sr\/wp-json\/wp\/v2\/comments?post=9931"}],"version-history":[{"count":6,"href":"https:\/\/kcsfoundation.org\/sr\/wp-json\/wp\/v2\/news\/9931\/revisions"}],"predecessor-version":[{"id":13054,"href":"https:\/\/kcsfoundation.org\/sr\/wp-json\/wp\/v2\/news\/9931\/revisions\/13054"}],"wp:featuredmedia":[{"embeddable":true,"href":"https:\/\/kcsfoundation.org\/sr\/wp-json\/wp\/v2\/media\/11407"}],"wp:attachment":[{"href":"https:\/\/kcsfoundation.org\/sr\/wp-json\/wp\/v2\/media?parent=9931"}],"wp:term":[{"taxonomy":"news-category","embeddable":true,"href":"https:\/\/kcsfoundation.org\/sr\/wp-json\/wp\/v2\/news-category?post=9931"}],"curies":[{"name":"wp","href":"https:\/\/api.w.org\/{rel}","templated":true}]}}