{"id":22652,"date":"2025-04-02T09:34:45","date_gmt":"2025-04-02T08:34:45","guid":{"rendered":"https:\/\/kcsfoundation.org\/news\/dita-boterore-e-ndergjegjesimit-per-autizmin\/"},"modified":"2025-04-08T09:36:55","modified_gmt":"2025-04-08T08:36:55","slug":"dita-boterore-e-ndergjegjesimit-per-autizmin","status":"publish","type":"news","link":"https:\/\/kcsfoundation.org\/sr\/news\/dita-boterore-e-ndergjegjesimit-per-autizmin\/","title":{"rendered":"Svetski dan svesnosti o autizmu"},"content":{"rendered":"\n<p>Danas, na Svetski dan svesnosti o autizmu, pored potrebe za podizanjem svesti, isti\u010demo va\u017enost prihvatanja i vrednovanja osoba sa autizmom i njihovog doprinosa dru\u0161tvu.<br><\/p>\n\n\n\n<p>Tako\u0111e, potrebno je naglasiti hitnu potrebu za ozbiljnim institucionalnim anga\u017emanom u pravcu ja\u010danja socijalnih usluga koje odgovaraju njihovim potrebama, kao i stvaranjem odr\u017eivog sistema podr\u0161ke u zajednici koji pru\u017ea kvalitetno obrazovanje, socijalnu inkluziju i mogu\u0107nosti zapo\u0161ljavanja, kako bi osobe sa autizmom \u017eivele i delovale ravnopravno sa svima.<\/p>\n","protected":false},"excerpt":{"rendered":"<p>Danas, na Svetski dan svesnosti o autizmu, pored potrebe za podizanjem svesti, isti\u010demo va\u017enost prihvatanja i vrednovanja osoba sa autizmom i njihovog doprinosa dru\u0161tvu. Tako\u0111e, potrebno je naglasiti hitnu potrebu za ozbiljnim institucionalnim anga\u017emanom u pravcu ja\u010danja socijalnih usluga koje odgovaraju njihovim potrebama, kao i stvaranjem odr\u017eivog sistema podr\u0161ke u zajednici koji pru\u017ea kvalitetno obrazovanje, [&hellip;]<\/p>\n","protected":false},"author":3,"featured_media":22649,"parent":0,"menu_order":81,"comment_status":"open","ping_status":"closed","template":"","format":"standard","news-category":[],"class_list":["post-22652","news","type-news","status-publish","format-standard","has-post-thumbnail","hentry"],"acf":[],"yoast_head":"<!-- This site is optimized with the Yoast SEO plugin v27.4 - https:\/\/yoast.com\/product\/yoast-seo-wordpress\/ -->\n<title>Svetski dan svesnosti o autizmu - KCSF<\/title>\n<meta name=\"robots\" content=\"index, follow, max-snippet:-1, max-image-preview:large, max-video-preview:-1\" \/>\n<link rel=\"canonical\" href=\"https:\/\/kcsfoundation.org\/sr\/news\/dita-boterore-e-ndergjegjesimit-per-autizmin\/\" \/>\n<meta property=\"og:locale\" content=\"sr_RS\" \/>\n<meta property=\"og:type\" content=\"article\" \/>\n<meta property=\"og:title\" content=\"Svetski dan svesnosti o autizmu - KCSF\" \/>\n<meta property=\"og:description\" content=\"Danas, na Svetski dan svesnosti o autizmu, pored potrebe za podizanjem svesti, isti\u010demo va\u017enost prihvatanja i vrednovanja osoba sa autizmom i njihovog doprinosa dru\u0161tvu. Tako\u0111e, potrebno je naglasiti hitnu potrebu za ozbiljnim institucionalnim anga\u017emanom u pravcu ja\u010danja socijalnih usluga koje odgovaraju njihovim potrebama, kao i stvaranjem odr\u017eivog sistema podr\u0161ke u zajednici koji pru\u017ea kvalitetno obrazovanje, [&hellip;]\" \/>\n<meta property=\"og:url\" content=\"https:\/\/kcsfoundation.org\/sr\/news\/dita-boterore-e-ndergjegjesimit-per-autizmin\/\" \/>\n<meta property=\"og:site_name\" content=\"KCSF\" \/>\n<meta property=\"article:publisher\" content=\"https:\/\/www.facebook.com\/KCSFoundation\" \/>\n<meta property=\"article:modified_time\" content=\"2025-04-08T08:36:55+00:00\" \/>\n<meta property=\"og:image\" content=\"https:\/\/kcsfoundation.org\/wp-content\/uploads\/2025\/04\/Autizmi-resize.png\" \/>\n\t<meta property=\"og:image:width\" content=\"1200\" \/>\n\t<meta property=\"og:image:height\" content=\"750\" \/>\n\t<meta property=\"og:image:type\" content=\"image\/png\" \/>\n<meta name=\"twitter:card\" content=\"summary_large_image\" \/>\n<meta name=\"twitter:label1\" content=\"\u041f\u0440\u043e\u0446\u0435\u045a\u0435\u043d\u043e \u0432\u0440\u0435\u043c\u0435 \u0447\u0438\u0442\u0430\u045a\u0430\" \/>\n\t<meta name=\"twitter:data1\" content=\"1 \u043c\u0438\u043d\u0443\u0442\" \/>\n<script type=\"application\/ld+json\" class=\"yoast-schema-graph\">{\"@context\":\"https:\\\/\\\/schema.org\",\"@graph\":[{\"@type\":\"WebPage\",\"@id\":\"https:\\\/\\\/kcsfoundation.org\\\/sr\\\/news\\\/dita-boterore-e-ndergjegjesimit-per-autizmin\\\/\",\"url\":\"https:\\\/\\\/kcsfoundation.org\\\/sr\\\/news\\\/dita-boterore-e-ndergjegjesimit-per-autizmin\\\/\",\"name\":\"Svetski dan svesnosti o autizmu - KCSF\",\"isPartOf\":{\"@id\":\"https:\\\/\\\/kcsfoundation.org\\\/sr\\\/#website\"},\"primaryImageOfPage\":{\"@id\":\"https:\\\/\\\/kcsfoundation.org\\\/sr\\\/news\\\/dita-boterore-e-ndergjegjesimit-per-autizmin\\\/#primaryimage\"},\"image\":{\"@id\":\"https:\\\/\\\/kcsfoundation.org\\\/sr\\\/news\\\/dita-boterore-e-ndergjegjesimit-per-autizmin\\\/#primaryimage\"},\"thumbnailUrl\":\"https:\\\/\\\/kcsfoundation.org\\\/wp-content\\\/uploads\\\/2025\\\/04\\\/Autizmi-resize.png\",\"datePublished\":\"2025-04-02T08:34:45+00:00\",\"dateModified\":\"2025-04-08T08:36:55+00:00\",\"breadcrumb\":{\"@id\":\"https:\\\/\\\/kcsfoundation.org\\\/sr\\\/news\\\/dita-boterore-e-ndergjegjesimit-per-autizmin\\\/#breadcrumb\"},\"inLanguage\":\"sr-RS\",\"potentialAction\":[{\"@type\":\"ReadAction\",\"target\":[\"https:\\\/\\\/kcsfoundation.org\\\/sr\\\/news\\\/dita-boterore-e-ndergjegjesimit-per-autizmin\\\/\"]}]},{\"@type\":\"ImageObject\",\"inLanguage\":\"sr-RS\",\"@id\":\"https:\\\/\\\/kcsfoundation.org\\\/sr\\\/news\\\/dita-boterore-e-ndergjegjesimit-per-autizmin\\\/#primaryimage\",\"url\":\"https:\\\/\\\/kcsfoundation.org\\\/wp-content\\\/uploads\\\/2025\\\/04\\\/Autizmi-resize.png\",\"contentUrl\":\"https:\\\/\\\/kcsfoundation.org\\\/wp-content\\\/uploads\\\/2025\\\/04\\\/Autizmi-resize.png\",\"width\":1200,\"height\":750},{\"@type\":\"BreadcrumbList\",\"@id\":\"https:\\\/\\\/kcsfoundation.org\\\/sr\\\/news\\\/dita-boterore-e-ndergjegjesimit-per-autizmin\\\/#breadcrumb\",\"itemListElement\":[{\"@type\":\"ListItem\",\"position\":1,\"name\":\"Home\",\"item\":\"https:\\\/\\\/kcsfoundation.org\\\/sr\\\/\"},{\"@type\":\"ListItem\",\"position\":2,\"name\":\"News\",\"item\":\"https:\\\/\\\/kcsfoundation.org\\\/news\\\/\"},{\"@type\":\"ListItem\",\"position\":3,\"name\":\"Svetski dan svesnosti o autizmu\"}]},{\"@type\":\"WebSite\",\"@id\":\"https:\\\/\\\/kcsfoundation.org\\\/sr\\\/#website\",\"url\":\"https:\\\/\\\/kcsfoundation.org\\\/sr\\\/\",\"name\":\"KCSF\",\"description\":\"Kosovar Civil Society Foundation\",\"publisher\":{\"@id\":\"https:\\\/\\\/kcsfoundation.org\\\/sr\\\/#organization\"},\"potentialAction\":[{\"@type\":\"SearchAction\",\"target\":{\"@type\":\"EntryPoint\",\"urlTemplate\":\"https:\\\/\\\/kcsfoundation.org\\\/sr\\\/?s={search_term_string}\"},\"query-input\":{\"@type\":\"PropertyValueSpecification\",\"valueRequired\":true,\"valueName\":\"search_term_string\"}}],\"inLanguage\":\"sr-RS\"},{\"@type\":\"Organization\",\"@id\":\"https:\\\/\\\/kcsfoundation.org\\\/sr\\\/#organization\",\"name\":\"KCSF\",\"url\":\"https:\\\/\\\/kcsfoundation.org\\\/sr\\\/\",\"logo\":{\"@type\":\"ImageObject\",\"inLanguage\":\"sr-RS\",\"@id\":\"https:\\\/\\\/kcsfoundation.org\\\/sr\\\/#\\\/schema\\\/logo\\\/image\\\/\",\"url\":\"https:\\\/\\\/kcsfoundation.org\\\/wp-content\\\/uploads\\\/2023\\\/05\\\/logo.svg\",\"contentUrl\":\"https:\\\/\\\/kcsfoundation.org\\\/wp-content\\\/uploads\\\/2023\\\/05\\\/logo.svg\",\"width\":138,\"height\":46,\"caption\":\"KCSF\"},\"image\":{\"@id\":\"https:\\\/\\\/kcsfoundation.org\\\/sr\\\/#\\\/schema\\\/logo\\\/image\\\/\"},\"sameAs\":[\"https:\\\/\\\/www.facebook.com\\\/KCSFoundation\"]}]}<\/script>\n<!-- \/ Yoast SEO plugin. -->","yoast_head_json":{"title":"Svetski dan svesnosti o autizmu - KCSF","robots":{"index":"index","follow":"follow","max-snippet":"max-snippet:-1","max-image-preview":"max-image-preview:large","max-video-preview":"max-video-preview:-1"},"canonical":"https:\/\/kcsfoundation.org\/sr\/news\/dita-boterore-e-ndergjegjesimit-per-autizmin\/","og_locale":"sr_RS","og_type":"article","og_title":"Svetski dan svesnosti o autizmu - KCSF","og_description":"Danas, na Svetski dan svesnosti o autizmu, pored potrebe za podizanjem svesti, isti\u010demo va\u017enost prihvatanja i vrednovanja osoba sa autizmom i njihovog doprinosa dru\u0161tvu. Tako\u0111e, potrebno je naglasiti hitnu potrebu za ozbiljnim institucionalnim anga\u017emanom u pravcu ja\u010danja socijalnih usluga koje odgovaraju njihovim potrebama, kao i stvaranjem odr\u017eivog sistema podr\u0161ke u zajednici koji pru\u017ea kvalitetno obrazovanje, [&hellip;]","og_url":"https:\/\/kcsfoundation.org\/sr\/news\/dita-boterore-e-ndergjegjesimit-per-autizmin\/","og_site_name":"KCSF","article_publisher":"https:\/\/www.facebook.com\/KCSFoundation","article_modified_time":"2025-04-08T08:36:55+00:00","og_image":[{"width":1200,"height":750,"url":"https:\/\/kcsfoundation.org\/wp-content\/uploads\/2025\/04\/Autizmi-resize.png","type":"image\/png"}],"twitter_card":"summary_large_image","twitter_misc":{"\u041f\u0440\u043e\u0446\u0435\u045a\u0435\u043d\u043e \u0432\u0440\u0435\u043c\u0435 \u0447\u0438\u0442\u0430\u045a\u0430":"1 \u043c\u0438\u043d\u0443\u0442"},"schema":{"@context":"https:\/\/schema.org","@graph":[{"@type":"WebPage","@id":"https:\/\/kcsfoundation.org\/sr\/news\/dita-boterore-e-ndergjegjesimit-per-autizmin\/","url":"https:\/\/kcsfoundation.org\/sr\/news\/dita-boterore-e-ndergjegjesimit-per-autizmin\/","name":"Svetski dan svesnosti o autizmu - KCSF","isPartOf":{"@id":"https:\/\/kcsfoundation.org\/sr\/#website"},"primaryImageOfPage":{"@id":"https:\/\/kcsfoundation.org\/sr\/news\/dita-boterore-e-ndergjegjesimit-per-autizmin\/#primaryimage"},"image":{"@id":"https:\/\/kcsfoundation.org\/sr\/news\/dita-boterore-e-ndergjegjesimit-per-autizmin\/#primaryimage"},"thumbnailUrl":"https:\/\/kcsfoundation.org\/wp-content\/uploads\/2025\/04\/Autizmi-resize.png","datePublished":"2025-04-02T08:34:45+00:00","dateModified":"2025-04-08T08:36:55+00:00","breadcrumb":{"@id":"https:\/\/kcsfoundation.org\/sr\/news\/dita-boterore-e-ndergjegjesimit-per-autizmin\/#breadcrumb"},"inLanguage":"sr-RS","potentialAction":[{"@type":"ReadAction","target":["https:\/\/kcsfoundation.org\/sr\/news\/dita-boterore-e-ndergjegjesimit-per-autizmin\/"]}]},{"@type":"ImageObject","inLanguage":"sr-RS","@id":"https:\/\/kcsfoundation.org\/sr\/news\/dita-boterore-e-ndergjegjesimit-per-autizmin\/#primaryimage","url":"https:\/\/kcsfoundation.org\/wp-content\/uploads\/2025\/04\/Autizmi-resize.png","contentUrl":"https:\/\/kcsfoundation.org\/wp-content\/uploads\/2025\/04\/Autizmi-resize.png","width":1200,"height":750},{"@type":"BreadcrumbList","@id":"https:\/\/kcsfoundation.org\/sr\/news\/dita-boterore-e-ndergjegjesimit-per-autizmin\/#breadcrumb","itemListElement":[{"@type":"ListItem","position":1,"name":"Home","item":"https:\/\/kcsfoundation.org\/sr\/"},{"@type":"ListItem","position":2,"name":"News","item":"https:\/\/kcsfoundation.org\/news\/"},{"@type":"ListItem","position":3,"name":"Svetski dan svesnosti o autizmu"}]},{"@type":"WebSite","@id":"https:\/\/kcsfoundation.org\/sr\/#website","url":"https:\/\/kcsfoundation.org\/sr\/","name":"KCSF","description":"Kosovar Civil Society Foundation","publisher":{"@id":"https:\/\/kcsfoundation.org\/sr\/#organization"},"potentialAction":[{"@type":"SearchAction","target":{"@type":"EntryPoint","urlTemplate":"https:\/\/kcsfoundation.org\/sr\/?s={search_term_string}"},"query-input":{"@type":"PropertyValueSpecification","valueRequired":true,"valueName":"search_term_string"}}],"inLanguage":"sr-RS"},{"@type":"Organization","@id":"https:\/\/kcsfoundation.org\/sr\/#organization","name":"KCSF","url":"https:\/\/kcsfoundation.org\/sr\/","logo":{"@type":"ImageObject","inLanguage":"sr-RS","@id":"https:\/\/kcsfoundation.org\/sr\/#\/schema\/logo\/image\/","url":"https:\/\/kcsfoundation.org\/wp-content\/uploads\/2023\/05\/logo.svg","contentUrl":"https:\/\/kcsfoundation.org\/wp-content\/uploads\/2023\/05\/logo.svg","width":138,"height":46,"caption":"KCSF"},"image":{"@id":"https:\/\/kcsfoundation.org\/sr\/#\/schema\/logo\/image\/"},"sameAs":["https:\/\/www.facebook.com\/KCSFoundation"]}]}},"_links":{"self":[{"href":"https:\/\/kcsfoundation.org\/sr\/wp-json\/wp\/v2\/news\/22652","targetHints":{"allow":["GET"]}}],"collection":[{"href":"https:\/\/kcsfoundation.org\/sr\/wp-json\/wp\/v2\/news"}],"about":[{"href":"https:\/\/kcsfoundation.org\/sr\/wp-json\/wp\/v2\/types\/news"}],"author":[{"embeddable":true,"href":"https:\/\/kcsfoundation.org\/sr\/wp-json\/wp\/v2\/users\/3"}],"replies":[{"embeddable":true,"href":"https:\/\/kcsfoundation.org\/sr\/wp-json\/wp\/v2\/comments?post=22652"}],"version-history":[{"count":1,"href":"https:\/\/kcsfoundation.org\/sr\/wp-json\/wp\/v2\/news\/22652\/revisions"}],"predecessor-version":[{"id":22654,"href":"https:\/\/kcsfoundation.org\/sr\/wp-json\/wp\/v2\/news\/22652\/revisions\/22654"}],"wp:featuredmedia":[{"embeddable":true,"href":"https:\/\/kcsfoundation.org\/sr\/wp-json\/wp\/v2\/media\/22649"}],"wp:attachment":[{"href":"https:\/\/kcsfoundation.org\/sr\/wp-json\/wp\/v2\/media?parent=22652"}],"wp:term":[{"taxonomy":"news-category","embeddable":true,"href":"https:\/\/kcsfoundation.org\/sr\/wp-json\/wp\/v2\/news-category?post=22652"}],"curies":[{"name":"wp","href":"https:\/\/api.w.org\/{rel}","templated":true}]}}