{"id":21375,"date":"2024-10-11T08:40:50","date_gmt":"2024-10-11T07:40:50","guid":{"rendered":"https:\/\/kcsfoundation.org\/?post_type=news&#038;p=21375"},"modified":"2024-10-12T11:43:52","modified_gmt":"2024-10-12T10:43:52","slug":"poziv-za-prijavu-za-obuku-razvoj-i-organizacija-zajednice","status":"publish","type":"news","link":"https:\/\/kcsfoundation.org\/sr\/news\/poziv-za-prijavu-za-obuku-razvoj-i-organizacija-zajednice\/","title":{"rendered":"Poziv za prijavu za obuku &#8222;Razvoj i organizacija zajednice&#8220;"},"content":{"rendered":"\n<p>Kosovska fondacija za civilno dru\u0161tvo (KCSF), kroz Program Gra\u0111anskog Anga\u017eovanja koji sprovodi u partnerstvu sa misijom USAID-a na Kosovu, u periodu <strong>oktobar-decembar 2024<\/strong> godine, organizova\u0107e <strong>\u0161estodnevnu obuku<\/strong> na temu <strong>\u201eRazvoj i organizacija zajednice\u201c<\/strong>. Obuka obuhvata tri modula, pri \u010demu \u0107e se svaki modul odr\u017eavati dva dana u roku od mesec dana.<\/p>\n\n\n\n<p>Obuka \u201eRazvoj i organizacija zajednice\u201c ima za cilj razvoj kapaciteta i nadle\u017enosti OCD i neformalnih grupa civilnog dru\u0161tva za mapiranje i organizovanje zajednice, izgradnju praksi za anga\u017eovanje bira\u010da, kao i umre\u017eavanje sa drugim akterima u zajednici.<\/p>\n\n\n\n<p><strong>Kada se odr\u017eava obuka?<\/strong><br>U periodu oktobar-decembar 2024 godine.<\/p>\n\n\n\n<p><strong>\u0160ta \u0107ete nau\u010diti na ovoj obuci?<\/strong><br>Kroz nastavni plan i program dizajniran za potrebe OCD na Kosovu, ste\u0107i \u0107ete znanja i ve\u0161tine o:<\/p>\n\n\n\n<p>&#8211; Razvoj i organizacija zajednica i njihov zna\u010daj;<br>&#8211; Oblici razvoja zajednice i pro\u0161irenje \u010dlanstva i konstitutivnosti;<br>&#8211; Primena sredstva za ocenjivanje i dizajn integrisanog metoda za razvoj zajednica;<br>&#8211; Utvr\u0111ivanje metoda za organizaciju i razvoj zajednica;<br>&#8211; Uloga i zna\u010daj saradnje i umre\u017eavanja u razvoju zajednica;<br>&#8211; Kampanja javnog zagovaranja, promena politike i kori\u0161\u0107enje dru\u0161tvenih mre\u017ea i medija za razvoj zajednice;<br>&#8211; Utvr\u0111ivanje novih ideja primenljivih na razvoj zajednice;<br> &#8211; Primena teorije promene na inicijative za razvoj zajednice.<\/p>\n\n\n\n<p>Tako\u0111e, \u0107ete primeniti ve\u0161tine ste\u010dene sastavljanjem inicijative za razvoj i organizovanje zajednica i ima\u0107ete priliku da se prijavite za grant za sprovo\u0111enje va\u0161e inicijative.<\/p>\n\n\n\n<p><strong>Ko mo\u017ee da se prijavi i koji su kriterijumi za prijavu?<br><\/strong>Pravo da se prijave imaju sve OCD ili neformalne grupe koje imaju interes i odlu\u010dnost da nau\u010de i primene u praksi znanja i tehnike za razvoj i organizaciju izborne jedinice.<\/p>\n\n\n\n<p>Svaka OCD ili svaka neformalna grupa mora da predlo\u017ei \u010dlana osoblja \u010dije se odgovornosti odnose na razvoj zajednice i \u0161irenje kruga organizacije.<br><strong><br>Kriterijumi za prijavu:<br><\/strong>&#8211; Biti OCD registrovana na Kosovu, ili neformalna grupa koja deluje na Kosovu;<br>&#8211; Biti OCD ili neformalna grupa koja deluje uglavnom na lokalnom nivou;<br>&#8211; Utvrditi kao potrebu izgradnju kapaciteta za razvoj i organizaciju izborne jedinice;<br>&#8211; Da ima aktivnost u zajednici i\/ili zainteresovanost za uklju\u010divanje gra\u0111ana u rad organizacije;<br>&#8211; Za OCD koje se prijavljuju, \u010dlan osoblja koji podnosi zahtev je po\u017eeljno vi\u0161i \u010dlan osoblja, kao \u0161to je vo\u0111a organizacije ili osoba odgovorna za razvoj zajednice i organizaciju.<\/p>\n\n\n\n<p><strong>Kako se prijaviti?<\/strong><br>Prijava se vr\u0161i popunjavanjem elektronskoga obrasca u slede\u0107em delu:<br><a href=\"https:\/\/forms.office.com\/r\/UhTV37fcAH\"><strong>https:\/\/forms.office.com\/r\/UhTV37fcAH<\/strong><\/a><\/p>\n\n\n\n<p>Obrazac za prijavljivanje se mo\u017ee popuniti na albanskom, srpskom i engleskom jeziku.<\/p>\n\n\n\n<p>Za u\u010de\u0161\u0107e na obuci bi\u0107e kontaktirani samo kandidati koji ispunjavaju definisane kriterijume, u kom slu\u010daju \u0107e biti i zvani\u010dno obave\u0161teni o logisti\u010dkim detaljima.<\/p>\n\n\n\n<p>U slu\u010daju prijema velikog broja prijava, KCSF\/ KFCD \u0107e dati prioritet onima koji su se prvi prijavili sa posebnim naglaskom na obezbe\u0111ivanju rodne ravnopravnosti, etni\u010dke raznolikosti i onima koji rade van Pri\u0161tine. <br><strong><br>Rok za prijavu: 20. oktobar 2024 godine. <\/strong><\/p>\n\n\n\n<p><strong>Logisti\u010dke informacije: <\/strong><br>Odabrani kandidati \u0107e morati da budu fizi\u010dki prisutni na obuci. Tro\u0161kove prevoza i hranu \u0107e pokriti KCSF. <\/p>\n\n\n\n<p>Za ostale informacije kontaktirajte nas putem mejla na adresu <a href=\"mailto:naim.robelli@kcsfoundation.org\">naim.robelli@kcsfoundation.org<\/a> ili putem telefona na broj: 038 600 634.<\/p>\n","protected":false},"excerpt":{"rendered":"<p>Kosovska fondacija za civilno dru\u0161tvo (KCSF), kroz Program Gra\u0111anskog Anga\u017eovanja koji sprovodi u partnerstvu sa misijom USAID-a na Kosovu, u periodu oktobar-decembar 2024 godine, organizova\u0107e \u0161estodnevnu obuku na temu \u201eRazvoj i organizacija zajednice\u201c. Obuka obuhvata tri modula, pri \u010demu \u0107e se svaki modul odr\u017eavati dva dana u roku od mesec dana. Obuka \u201eRazvoj i organizacija [&hellip;]<\/p>\n","protected":false},"author":3,"featured_media":21383,"parent":0,"menu_order":139,"comment_status":"open","ping_status":"closed","template":"","format":"standard","news-category":[132],"class_list":["post-21375","news","type-news","status-publish","format-standard","has-post-thumbnail","hentry","news-category-program-gradanskog-angazovanja-cea"],"acf":[],"yoast_head":"<!-- This site is optimized with the Yoast SEO plugin v27.4 - https:\/\/yoast.com\/product\/yoast-seo-wordpress\/ -->\n<title>Poziv za prijavu za obuku &quot;Razvoj i organizacija zajednice&quot; - KCSF<\/title>\n<meta name=\"robots\" content=\"index, follow, max-snippet:-1, max-image-preview:large, max-video-preview:-1\" \/>\n<link rel=\"canonical\" href=\"https:\/\/kcsfoundation.org\/sr\/news\/poziv-za-prijavu-za-obuku-razvoj-i-organizacija-zajednice\/\" \/>\n<meta property=\"og:locale\" content=\"sr_RS\" \/>\n<meta property=\"og:type\" content=\"article\" \/>\n<meta property=\"og:title\" content=\"Poziv za prijavu za obuku &quot;Razvoj i organizacija zajednice&quot; - KCSF\" \/>\n<meta property=\"og:description\" content=\"Kosovska fondacija za civilno dru\u0161tvo (KCSF), kroz Program Gra\u0111anskog Anga\u017eovanja koji sprovodi u partnerstvu sa misijom USAID-a na Kosovu, u periodu oktobar-decembar 2024 godine, organizova\u0107e \u0161estodnevnu obuku na temu \u201eRazvoj i organizacija zajednice\u201c. Obuka obuhvata tri modula, pri \u010demu \u0107e se svaki modul odr\u017eavati dva dana u roku od mesec dana. Obuka \u201eRazvoj i organizacija [&hellip;]\" \/>\n<meta property=\"og:url\" content=\"https:\/\/kcsfoundation.org\/sr\/news\/poziv-za-prijavu-za-obuku-razvoj-i-organizacija-zajednice\/\" \/>\n<meta property=\"og:site_name\" content=\"KCSF\" \/>\n<meta property=\"article:publisher\" content=\"https:\/\/www.facebook.com\/KCSFoundation\" \/>\n<meta property=\"article:modified_time\" content=\"2024-10-12T10:43:52+00:00\" \/>\n<meta property=\"og:image\" content=\"https:\/\/kcsfoundation.org\/wp-content\/uploads\/2024\/10\/Trajnim-per-OShC-FB_SRB-scaled-e1728635726332.jpg\" \/>\n\t<meta property=\"og:image:width\" content=\"2560\" \/>\n\t<meta property=\"og:image:height\" content=\"1177\" \/>\n\t<meta property=\"og:image:type\" content=\"image\/jpeg\" \/>\n<meta name=\"twitter:card\" content=\"summary_large_image\" \/>\n<meta name=\"twitter:label1\" content=\"\u041f\u0440\u043e\u0446\u0435\u045a\u0435\u043d\u043e \u0432\u0440\u0435\u043c\u0435 \u0447\u0438\u0442\u0430\u045a\u0430\" \/>\n\t<meta name=\"twitter:data1\" content=\"3 \u043c\u0438\u043d\u0443\u0442\u0430\" \/>\n<script type=\"application\/ld+json\" class=\"yoast-schema-graph\">{\"@context\":\"https:\\\/\\\/schema.org\",\"@graph\":[{\"@type\":\"WebPage\",\"@id\":\"https:\\\/\\\/kcsfoundation.org\\\/sr\\\/news\\\/poziv-za-prijavu-za-obuku-razvoj-i-organizacija-zajednice\\\/\",\"url\":\"https:\\\/\\\/kcsfoundation.org\\\/sr\\\/news\\\/poziv-za-prijavu-za-obuku-razvoj-i-organizacija-zajednice\\\/\",\"name\":\"Poziv za prijavu za obuku \\\"Razvoj i organizacija zajednice\\\" - KCSF\",\"isPartOf\":{\"@id\":\"https:\\\/\\\/kcsfoundation.org\\\/sr\\\/#website\"},\"primaryImageOfPage\":{\"@id\":\"https:\\\/\\\/kcsfoundation.org\\\/sr\\\/news\\\/poziv-za-prijavu-za-obuku-razvoj-i-organizacija-zajednice\\\/#primaryimage\"},\"image\":{\"@id\":\"https:\\\/\\\/kcsfoundation.org\\\/sr\\\/news\\\/poziv-za-prijavu-za-obuku-razvoj-i-organizacija-zajednice\\\/#primaryimage\"},\"thumbnailUrl\":\"https:\\\/\\\/kcsfoundation.org\\\/wp-content\\\/uploads\\\/2024\\\/10\\\/Trajnim-per-OShC-FB_SRB-scaled-e1728635726332.jpg\",\"datePublished\":\"2024-10-11T07:40:50+00:00\",\"dateModified\":\"2024-10-12T10:43:52+00:00\",\"breadcrumb\":{\"@id\":\"https:\\\/\\\/kcsfoundation.org\\\/sr\\\/news\\\/poziv-za-prijavu-za-obuku-razvoj-i-organizacija-zajednice\\\/#breadcrumb\"},\"inLanguage\":\"sr-RS\",\"potentialAction\":[{\"@type\":\"ReadAction\",\"target\":[\"https:\\\/\\\/kcsfoundation.org\\\/sr\\\/news\\\/poziv-za-prijavu-za-obuku-razvoj-i-organizacija-zajednice\\\/\"]}]},{\"@type\":\"ImageObject\",\"inLanguage\":\"sr-RS\",\"@id\":\"https:\\\/\\\/kcsfoundation.org\\\/sr\\\/news\\\/poziv-za-prijavu-za-obuku-razvoj-i-organizacija-zajednice\\\/#primaryimage\",\"url\":\"https:\\\/\\\/kcsfoundation.org\\\/wp-content\\\/uploads\\\/2024\\\/10\\\/Trajnim-per-OShC-FB_SRB-scaled-e1728635726332.jpg\",\"contentUrl\":\"https:\\\/\\\/kcsfoundation.org\\\/wp-content\\\/uploads\\\/2024\\\/10\\\/Trajnim-per-OShC-FB_SRB-scaled-e1728635726332.jpg\",\"width\":2560,\"height\":1177},{\"@type\":\"BreadcrumbList\",\"@id\":\"https:\\\/\\\/kcsfoundation.org\\\/sr\\\/news\\\/poziv-za-prijavu-za-obuku-razvoj-i-organizacija-zajednice\\\/#breadcrumb\",\"itemListElement\":[{\"@type\":\"ListItem\",\"position\":1,\"name\":\"Home\",\"item\":\"https:\\\/\\\/kcsfoundation.org\\\/sr\\\/\"},{\"@type\":\"ListItem\",\"position\":2,\"name\":\"News\",\"item\":\"https:\\\/\\\/kcsfoundation.org\\\/news\\\/\"},{\"@type\":\"ListItem\",\"position\":3,\"name\":\"Poziv za prijavu za obuku &#8222;Razvoj i organizacija zajednice&#8220;\"}]},{\"@type\":\"WebSite\",\"@id\":\"https:\\\/\\\/kcsfoundation.org\\\/sr\\\/#website\",\"url\":\"https:\\\/\\\/kcsfoundation.org\\\/sr\\\/\",\"name\":\"KCSF\",\"description\":\"Kosovar Civil Society Foundation\",\"publisher\":{\"@id\":\"https:\\\/\\\/kcsfoundation.org\\\/sr\\\/#organization\"},\"potentialAction\":[{\"@type\":\"SearchAction\",\"target\":{\"@type\":\"EntryPoint\",\"urlTemplate\":\"https:\\\/\\\/kcsfoundation.org\\\/sr\\\/?s={search_term_string}\"},\"query-input\":{\"@type\":\"PropertyValueSpecification\",\"valueRequired\":true,\"valueName\":\"search_term_string\"}}],\"inLanguage\":\"sr-RS\"},{\"@type\":\"Organization\",\"@id\":\"https:\\\/\\\/kcsfoundation.org\\\/sr\\\/#organization\",\"name\":\"KCSF\",\"url\":\"https:\\\/\\\/kcsfoundation.org\\\/sr\\\/\",\"logo\":{\"@type\":\"ImageObject\",\"inLanguage\":\"sr-RS\",\"@id\":\"https:\\\/\\\/kcsfoundation.org\\\/sr\\\/#\\\/schema\\\/logo\\\/image\\\/\",\"url\":\"https:\\\/\\\/kcsfoundation.org\\\/wp-content\\\/uploads\\\/2023\\\/05\\\/logo.svg\",\"contentUrl\":\"https:\\\/\\\/kcsfoundation.org\\\/wp-content\\\/uploads\\\/2023\\\/05\\\/logo.svg\",\"width\":138,\"height\":46,\"caption\":\"KCSF\"},\"image\":{\"@id\":\"https:\\\/\\\/kcsfoundation.org\\\/sr\\\/#\\\/schema\\\/logo\\\/image\\\/\"},\"sameAs\":[\"https:\\\/\\\/www.facebook.com\\\/KCSFoundation\"]}]}<\/script>\n<!-- \/ Yoast SEO plugin. -->","yoast_head_json":{"title":"Poziv za prijavu za obuku \"Razvoj i organizacija zajednice\" - KCSF","robots":{"index":"index","follow":"follow","max-snippet":"max-snippet:-1","max-image-preview":"max-image-preview:large","max-video-preview":"max-video-preview:-1"},"canonical":"https:\/\/kcsfoundation.org\/sr\/news\/poziv-za-prijavu-za-obuku-razvoj-i-organizacija-zajednice\/","og_locale":"sr_RS","og_type":"article","og_title":"Poziv za prijavu za obuku \"Razvoj i organizacija zajednice\" - KCSF","og_description":"Kosovska fondacija za civilno dru\u0161tvo (KCSF), kroz Program Gra\u0111anskog Anga\u017eovanja koji sprovodi u partnerstvu sa misijom USAID-a na Kosovu, u periodu oktobar-decembar 2024 godine, organizova\u0107e \u0161estodnevnu obuku na temu \u201eRazvoj i organizacija zajednice\u201c. Obuka obuhvata tri modula, pri \u010demu \u0107e se svaki modul odr\u017eavati dva dana u roku od mesec dana. Obuka \u201eRazvoj i organizacija [&hellip;]","og_url":"https:\/\/kcsfoundation.org\/sr\/news\/poziv-za-prijavu-za-obuku-razvoj-i-organizacija-zajednice\/","og_site_name":"KCSF","article_publisher":"https:\/\/www.facebook.com\/KCSFoundation","article_modified_time":"2024-10-12T10:43:52+00:00","og_image":[{"width":2560,"height":1177,"url":"https:\/\/kcsfoundation.org\/wp-content\/uploads\/2024\/10\/Trajnim-per-OShC-FB_SRB-scaled-e1728635726332.jpg","type":"image\/jpeg"}],"twitter_card":"summary_large_image","twitter_misc":{"\u041f\u0440\u043e\u0446\u0435\u045a\u0435\u043d\u043e \u0432\u0440\u0435\u043c\u0435 \u0447\u0438\u0442\u0430\u045a\u0430":"3 \u043c\u0438\u043d\u0443\u0442\u0430"},"schema":{"@context":"https:\/\/schema.org","@graph":[{"@type":"WebPage","@id":"https:\/\/kcsfoundation.org\/sr\/news\/poziv-za-prijavu-za-obuku-razvoj-i-organizacija-zajednice\/","url":"https:\/\/kcsfoundation.org\/sr\/news\/poziv-za-prijavu-za-obuku-razvoj-i-organizacija-zajednice\/","name":"Poziv za prijavu za obuku \"Razvoj i organizacija zajednice\" - KCSF","isPartOf":{"@id":"https:\/\/kcsfoundation.org\/sr\/#website"},"primaryImageOfPage":{"@id":"https:\/\/kcsfoundation.org\/sr\/news\/poziv-za-prijavu-za-obuku-razvoj-i-organizacija-zajednice\/#primaryimage"},"image":{"@id":"https:\/\/kcsfoundation.org\/sr\/news\/poziv-za-prijavu-za-obuku-razvoj-i-organizacija-zajednice\/#primaryimage"},"thumbnailUrl":"https:\/\/kcsfoundation.org\/wp-content\/uploads\/2024\/10\/Trajnim-per-OShC-FB_SRB-scaled-e1728635726332.jpg","datePublished":"2024-10-11T07:40:50+00:00","dateModified":"2024-10-12T10:43:52+00:00","breadcrumb":{"@id":"https:\/\/kcsfoundation.org\/sr\/news\/poziv-za-prijavu-za-obuku-razvoj-i-organizacija-zajednice\/#breadcrumb"},"inLanguage":"sr-RS","potentialAction":[{"@type":"ReadAction","target":["https:\/\/kcsfoundation.org\/sr\/news\/poziv-za-prijavu-za-obuku-razvoj-i-organizacija-zajednice\/"]}]},{"@type":"ImageObject","inLanguage":"sr-RS","@id":"https:\/\/kcsfoundation.org\/sr\/news\/poziv-za-prijavu-za-obuku-razvoj-i-organizacija-zajednice\/#primaryimage","url":"https:\/\/kcsfoundation.org\/wp-content\/uploads\/2024\/10\/Trajnim-per-OShC-FB_SRB-scaled-e1728635726332.jpg","contentUrl":"https:\/\/kcsfoundation.org\/wp-content\/uploads\/2024\/10\/Trajnim-per-OShC-FB_SRB-scaled-e1728635726332.jpg","width":2560,"height":1177},{"@type":"BreadcrumbList","@id":"https:\/\/kcsfoundation.org\/sr\/news\/poziv-za-prijavu-za-obuku-razvoj-i-organizacija-zajednice\/#breadcrumb","itemListElement":[{"@type":"ListItem","position":1,"name":"Home","item":"https:\/\/kcsfoundation.org\/sr\/"},{"@type":"ListItem","position":2,"name":"News","item":"https:\/\/kcsfoundation.org\/news\/"},{"@type":"ListItem","position":3,"name":"Poziv za prijavu za obuku &#8222;Razvoj i organizacija zajednice&#8220;"}]},{"@type":"WebSite","@id":"https:\/\/kcsfoundation.org\/sr\/#website","url":"https:\/\/kcsfoundation.org\/sr\/","name":"KCSF","description":"Kosovar Civil Society Foundation","publisher":{"@id":"https:\/\/kcsfoundation.org\/sr\/#organization"},"potentialAction":[{"@type":"SearchAction","target":{"@type":"EntryPoint","urlTemplate":"https:\/\/kcsfoundation.org\/sr\/?s={search_term_string}"},"query-input":{"@type":"PropertyValueSpecification","valueRequired":true,"valueName":"search_term_string"}}],"inLanguage":"sr-RS"},{"@type":"Organization","@id":"https:\/\/kcsfoundation.org\/sr\/#organization","name":"KCSF","url":"https:\/\/kcsfoundation.org\/sr\/","logo":{"@type":"ImageObject","inLanguage":"sr-RS","@id":"https:\/\/kcsfoundation.org\/sr\/#\/schema\/logo\/image\/","url":"https:\/\/kcsfoundation.org\/wp-content\/uploads\/2023\/05\/logo.svg","contentUrl":"https:\/\/kcsfoundation.org\/wp-content\/uploads\/2023\/05\/logo.svg","width":138,"height":46,"caption":"KCSF"},"image":{"@id":"https:\/\/kcsfoundation.org\/sr\/#\/schema\/logo\/image\/"},"sameAs":["https:\/\/www.facebook.com\/KCSFoundation"]}]}},"_links":{"self":[{"href":"https:\/\/kcsfoundation.org\/sr\/wp-json\/wp\/v2\/news\/21375","targetHints":{"allow":["GET"]}}],"collection":[{"href":"https:\/\/kcsfoundation.org\/sr\/wp-json\/wp\/v2\/news"}],"about":[{"href":"https:\/\/kcsfoundation.org\/sr\/wp-json\/wp\/v2\/types\/news"}],"author":[{"embeddable":true,"href":"https:\/\/kcsfoundation.org\/sr\/wp-json\/wp\/v2\/users\/3"}],"replies":[{"embeddable":true,"href":"https:\/\/kcsfoundation.org\/sr\/wp-json\/wp\/v2\/comments?post=21375"}],"version-history":[{"count":2,"href":"https:\/\/kcsfoundation.org\/sr\/wp-json\/wp\/v2\/news\/21375\/revisions"}],"predecessor-version":[{"id":21402,"href":"https:\/\/kcsfoundation.org\/sr\/wp-json\/wp\/v2\/news\/21375\/revisions\/21402"}],"wp:featuredmedia":[{"embeddable":true,"href":"https:\/\/kcsfoundation.org\/sr\/wp-json\/wp\/v2\/media\/21383"}],"wp:attachment":[{"href":"https:\/\/kcsfoundation.org\/sr\/wp-json\/wp\/v2\/media?parent=21375"}],"wp:term":[{"taxonomy":"news-category","embeddable":true,"href":"https:\/\/kcsfoundation.org\/sr\/wp-json\/wp\/v2\/news-category?post=21375"}],"curies":[{"name":"wp","href":"https:\/\/api.w.org\/{rel}","templated":true}]}}